{"id":1252,"date":"2026-02-16T15:21:50","date_gmt":"2026-02-16T15:21:50","guid":{"rendered":"https:\/\/mariavinci.nexuswp.in\/?p=1252"},"modified":"2026-04-11T05:16:33","modified_gmt":"2026-04-11T05:16:33","slug":"der-weg-zur-inneren-und-auseren-stimmigkeit","status":"publish","type":"post","link":"https:\/\/maria-vinci.com\/?p=1252","title":{"rendered":"Der Weg zur inneren und \u00e4u\u00dferen Stimmigkeit"},"content":{"rendered":"\n<p><strong>Warum Transformation ein uraltes menschliches Thema ist<\/strong><\/p>\n\n\n\n<p>Viele Menschen sp\u00fcren irgendwann in ihrem Leben:<br>So wie es gerade ist, f\u00fchlt es sich nicht mehr stimmig an.<\/p>\n\n\n\n<p>Vielleicht funktionieren sie nach au\u00dfen gut.<br>Vielleicht sind sie erfolgreich, verantwortungsvoll, engagiert.<br>Und trotzdem entsteht innerlich eine Leere, Unruhe oder Orientierungslosigkeit.<\/p>\n\n\n\n<p>Diese Erfahrung ist kein pers\u00f6nliches Versagen.<br>Sie geh\u00f6rt zum Menschsein.<\/p>\n\n\n\n<p>Seit Jahrhunderten beschreiben Menschen in allen Kulturen denselben inneren Prozess: den Weg der Wandlung, der Reifung und der Neuorientierung.<\/p>\n\n\n\n<p><strong>Ein universeller Entwicklungsweg<\/strong><\/p>\n\n\n\n<p>Pers\u00f6nliche Entwicklung ist kein modernes Coaching-Konzept.<br>Sie ist ein uralter menschlicher Weg, der in Literatur, Philosophie, Psychologie und Wissenschaft immer wieder auftaucht.<\/p>\n\n\n\n<p>Johann Wolfgang von Goethe nannte ihn \u201eStirb und werde\u201c.<br>Hermann Hesse beschrieb ihn als biografische Reise.<br>Carl Gustav Jung sprach von Individuation.<br>Mythen erz\u00e4hlen ihn als Heldenreise.<\/p>\n\n\n\n<p>Alle meinen dasselbe:<\/p>\n\n\n\n<p>Der Mensch w\u00e4chst, indem er alte Formen losl\u00e4sst, Krisen durchschreitet und neue innere Ordnung findet.<\/p>\n\n\n\n<p><strong>Warum Entwicklung nicht geradlinig verl\u00e4uft<\/strong><\/p>\n\n\n\n<p>Transformation ist kein linearer Prozess.<\/p>\n\n\n\n<p>Es gibt Phasen von Klarheit und Phasen von Zweifel.<br>Zeiten von Aufbruch und Zeiten von R\u00fcckzug.<br>Schritte nach vorne \u2013 und Schritte zur\u00fcck.<\/p>\n\n\n\n<p>Diese Bewegungen sind kein Zeichen von Scheitern.<br>Sie sind notwendige Integrationsprozesse.<\/p>\n\n\n\n<p>Unser Nervensystem, unsere Biografie und unsere inneren Muster brauchen Zeit, um Neues zu verarbeiten und zu stabilisieren.<\/p>\n\n\n\n<p>Reifung entsteht nicht durch Tempo.<br>Sie entsteht durch Tiefe.<\/p>\n\n\n\n<p><strong>Die Verbindung von Innen und Au\u00dfen<\/strong><\/p>\n\n\n\n<p>In meiner Arbeit steht ein zentraler Gedanke im Mittelpunkt:<\/p>\n\n\n\n<p>Innere Entwicklung und \u00e4u\u00dfere Lebensgestaltung geh\u00f6ren zusammen.<\/p>\n\n\n\n<p>Unsere Gedanken, Gef\u00fchle, Werte und Entscheidungen spiegeln sich in unserem Alltag, in unseren Beziehungen und auch in unserem Lebensraum.<\/p>\n\n\n\n<p>Gleichzeitig wirkt unser Umfeld auf unser Nervensystem und unser inneres Erleben zur\u00fcck.<\/p>\n\n\n\n<p>Wenn innen und au\u00dfen nicht zusammenpassen, entsteht Spannung.<br>Wenn sie in Resonanz kommen, entsteht Ruhe und Klarheit.<\/p>\n\n\n\n<p>Diese Koh\u00e4renz ist die Grundlage f\u00fcr nachhaltige Ver\u00e4nderung.<\/p>\n\n\n\n<p><strong>Tiefe ohne Dogma und Esoterik<\/strong><\/p>\n\n\n\n<p>Viele Menschen sehnen sich nach Sinn und Orientierung \u2013<br>und gleichzeitig haben sie berechtigte Vorbehalte gegen\u00fcber Dogmatik oder esoterischen Versprechen.<\/p>\n\n\n\n<p>Deshalb verstehe ich die tiefere Dimension von Entwicklung undogmatisch, lebensnah und wissenschaftlich anschlussf\u00e4hig.<\/p>\n\n\n\n<p>Es geht nicht um Glaubenssysteme.<br>Es geht um Bewusstheit, Verantwortung und innere Reife.<\/p>\n\n\n\n<p>Um die F\u00e4higkeit, sich selbst ehrlich zu begegnen und das eigene Leben bewusst zu gestalten.<\/p>\n\n\n\n<p><strong>Lebensgestaltung als k\u00fcnstlerischer Prozess<\/strong><\/p>\n\n\n\n<p>Ich betrachte pers\u00f6nliche Entwicklung nicht als Reparaturarbeit.<\/p>\n\n\n\n<p>Sondern als Kompositionsprozess.<\/p>\n\n\n\n<p>Wie in der Kunst entsteht ein stimmiges Leben durch:<\/p>\n\n\n\n<ul class=\"wp-block-list\">\n<li>Wahrnehmen<\/li>\n\n\n\n<li>Ausprobieren<\/li>\n\n\n\n<li>Korrigieren<\/li>\n\n\n\n<li>Vertiefen<\/li>\n\n\n\n<li>Integrieren<\/li>\n<\/ul>\n\n\n\n<p>Jeder Mensch schreibt seine eigene Lebenspartitur.<\/p>\n\n\n\n<p>Meine Aufgabe ist es, Menschen dabei zu begleiten, ihre eigene Stimme darin wiederzufinden.<\/p>\n\n\n\n<p><strong>Die Phasen der Wandlung<\/strong><\/p>\n\n\n\n<p>In Transformationsprozessen zeigen sich meist wiederkehrende Phasen:<\/p>\n\n\n\n<ol class=\"wp-block-list\">\n<li>Anpassung und Funktionieren<\/li>\n\n\n\n<li>Ersch\u00fctterung und Zweifel<\/li>\n\n\n\n<li>Orientierungslosigkeit<\/li>\n\n\n\n<li>Neuformung<\/li>\n\n\n\n<li>Integration<\/li>\n\n\n\n<li>Reife<\/li>\n<\/ol>\n\n\n\n<p>Diese Phasen verlaufen nicht strikt nacheinander.<br>Sie bilden eher eine Spirale, in der Entwicklung sich vertieft.<\/p>\n\n\n\n<p>Jede Phase hat ihren Sinn.<\/p>\n\n\n\n<p><strong>Realit\u00e4tsnahe Begleitung<\/strong><\/p>\n\n\n\n<p>Entwicklung zeigt sich nicht in sch\u00f6nen Gedanken, sondern im Alltag:<\/p>\n\n\n\n<ul class=\"wp-block-list\">\n<li>in Entscheidungen<\/li>\n\n\n\n<li>in Beziehungen<\/li>\n\n\n\n<li>im Umgang mit Stress<\/li>\n\n\n\n<li>im eigenen zu Hause<\/li>\n\n\n\n<li>im Umgang mit Grenzen<\/li>\n<\/ul>\n\n\n\n<p>Deshalb ist meine Arbeit immer auf Umsetzbarkeit ausgerichtet.<\/p>\n\n\n\n<p>Innere Klarheit soll sich im Leben widerspiegeln.<\/p>\n\n\n\n<p><strong>Eine Einladung<\/strong><\/p>\n\n\n\n<p>Pers\u00f6nliche Reifung ist kein Ausnahmezustand.<br>Sie ist ein nat\u00fcrlicher menschlicher Weg.<\/p>\n\n\n\n<p>Ein Weg zu mehr innerer Stimmigkeit, Stabilit\u00e4t und Freiheit.<\/p>\n\n\n\n<p>Wenn du sp\u00fcrst, dass du dich gerade in einer Phase des Wandels befindest, bist du damit nicht allein.<\/p>\n\n\n\n<p>Und du musst diesen Weg nicht allein gehen.<\/p>\n\n\n\n<p>Wenn dich dieser Ansatz anspricht, lade ich dich ein, dich n\u00e4her damit zu besch\u00e4ftigen \u2013 und mit mir in Kontakt zu treten.<\/p>\n","protected":false},"excerpt":{"rendered":"<p>Warum Transformation ein uraltes menschliches Thema ist Viele Menschen sp\u00fcren irgendwann in ihrem Leben:So wie es gerade ist, f\u00fchlt es [&hellip;]<\/p>\n","protected":false},"author":1,"featured_media":0,"comment_status":"open","ping_status":"open","sticky":false,"template":"","format":"standard","meta":{"site-sidebar-layout":"default","site-content-layout":"","ast-site-content-layout":"default","site-content-style":"default","site-sidebar-style":"default","ast-global-header-display":"","ast-banner-title-visibility":"","ast-main-header-display":"","ast-hfb-above-header-display":"","ast-hfb-below-header-display":"","ast-hfb-mobile-header-display":"","site-post-title":"","ast-breadcrumbs-content":"","ast-featured-img":"","footer-sml-layout":"","ast-disable-related-posts":"","theme-transparent-header-meta":"","adv-header-id-meta":"","stick-header-meta":"","header-above-stick-meta":"","header-main-stick-meta":"","header-below-stick-meta":"","astra-migrate-meta-layouts":"default","ast-page-background-enabled":"default","ast-page-background-meta":{"desktop":{"background-color":"var(--ast-global-color-5)","background-image":"","background-repeat":"repeat","background-position":"center center","background-size":"auto","background-attachment":"scroll","background-type":"","background-media":"","overlay-type":"","overlay-color":"","overlay-opacity":"","overlay-gradient":""},"tablet":{"background-color":"","background-image":"","background-repeat":"repeat","background-position":"center center","background-size":"auto","background-attachment":"scroll","background-type":"","background-media":"","overlay-type":"","overlay-color":"","overlay-opacity":"","overlay-gradient":""},"mobile":{"background-color":"","background-image":"","background-repeat":"repeat","background-position":"center center","background-size":"auto","background-attachment":"scroll","background-type":"","background-media":"","overlay-type":"","overlay-color":"","overlay-opacity":"","overlay-gradient":""}},"ast-content-background-meta":{"desktop":{"background-color":"var(--ast-global-color-4)","background-image":"","background-repeat":"repeat","background-position":"center center","background-size":"auto","background-attachment":"scroll","background-type":"","background-media":"","overlay-type":"","overlay-color":"","overlay-opacity":"","overlay-gradient":""},"tablet":{"background-color":"var(--ast-global-color-4)","background-image":"","background-repeat":"repeat","background-position":"center center","background-size":"auto","background-attachment":"scroll","background-type":"","background-media":"","overlay-type":"","overlay-color":"","overlay-opacity":"","overlay-gradient":""},"mobile":{"background-color":"var(--ast-global-color-4)","background-image":"","background-repeat":"repeat","background-position":"center center","background-size":"auto","background-attachment":"scroll","background-type":"","background-media":"","overlay-type":"","overlay-color":"","overlay-opacity":"","overlay-gradient":""}},"footnotes":""},"categories":[1],"tags":[],"class_list":["post-1252","post","type-post","status-publish","format-standard","hentry","category-blog"],"_links":{"self":[{"href":"https:\/\/maria-vinci.com\/index.php?rest_route=\/wp\/v2\/posts\/1252","targetHints":{"allow":["GET"]}}],"collection":[{"href":"https:\/\/maria-vinci.com\/index.php?rest_route=\/wp\/v2\/posts"}],"about":[{"href":"https:\/\/maria-vinci.com\/index.php?rest_route=\/wp\/v2\/types\/post"}],"author":[{"embeddable":true,"href":"https:\/\/maria-vinci.com\/index.php?rest_route=\/wp\/v2\/users\/1"}],"replies":[{"embeddable":true,"href":"https:\/\/maria-vinci.com\/index.php?rest_route=%2Fwp%2Fv2%2Fcomments&post=1252"}],"version-history":[{"count":2,"href":"https:\/\/maria-vinci.com\/index.php?rest_route=\/wp\/v2\/posts\/1252\/revisions"}],"predecessor-version":[{"id":3976,"href":"https:\/\/maria-vinci.com\/index.php?rest_route=\/wp\/v2\/posts\/1252\/revisions\/3976"}],"wp:attachment":[{"href":"https:\/\/maria-vinci.com\/index.php?rest_route=%2Fwp%2Fv2%2Fmedia&parent=1252"}],"wp:term":[{"taxonomy":"category","embeddable":true,"href":"https:\/\/maria-vinci.com\/index.php?rest_route=%2Fwp%2Fv2%2Fcategories&post=1252"},{"taxonomy":"post_tag","embeddable":true,"href":"https:\/\/maria-vinci.com\/index.php?rest_route=%2Fwp%2Fv2%2Ftags&post=1252"}],"curies":[{"name":"wp","href":"https:\/\/api.w.org\/{rel}","templated":true}]}}